{"id":3214,"date":"2020-08-24T10:31:22","date_gmt":"2020-08-24T08:31:22","guid":{"rendered":"http:\/\/iksi.uw.edu.pl\/?p=3214"},"modified":"2020-10-06T11:39:07","modified_gmt":"2020-10-06T09:39:07","slug":"program-stypendialny-daad","status":"publish","type":"post","link":"http:\/\/iksi.uw.edu.pl\/de\/2020\/08\/24\/program-stypendialny-daad\/","title":{"rendered":"Program stypendialny DAAD"},"content":{"rendered":"<p>Program stypendialny DAAD finansowany ze \u015brodk\u00f3w dla mniejszo\u015bci niemieckiej.<\/p>\n<p>Program ten skierowany jest do wszystkich absolwent\u00f3w (studi\u00f3w licencjackich b\u0105d\u017a magisterskich) z kierunk\u00f3w m.in.: germanistyka, j\u0119zyk niemiecki jako j\u0119zyk obcy, kt\u00f3rzy maj\u0105 ju\u017c do\u015bwiadczenie w nauczaniu j\u0119zyka niemieckiego. Mo\u017cliwy jest wyjazd na 4 miesi\u0105ce.<\/p>\n<p>Pocz\u0105tek odbywania stypendium to 1 kwietnia 2021.<\/p>\n<p><b>Termin sk\u0142adania wniosk\u00f3w mija 30 wrze\u015bnia br.\u00a0<\/b><\/p>\n<p>Dok\u0142adny opis programu stypendialnego znajduje si\u0119 tutaj: <a href=\"http:\/\/iksi.uw.edu.pl\/wp-content\/uploads\/sites\/301\/2020\/08\/Fortbildungsstipendien-f.-Germanisten.pdf\">Fortbildungsstipendien f. Germanisten<\/a><\/p>\n","protected":false},"excerpt":{"rendered":"<p>Program stypendialny DAAD finansowany ze \u015brodk\u00f3w dla mniejszo\u015bci niemieckiej. Program ten skierowany jest do wszystkich absolwent\u00f3w (studi\u00f3w licencjackich b\u0105d\u017a magisterskich) z kierunk\u00f3w m.in.: germanistyka, j\u0119zyk [&hellip;]<\/p>\n","protected":false},"author":975,"featured_media":0,"comment_status":"closed","ping_status":"closed","sticky":false,"template":"","format":"standard","meta":{"_links_to":"","_links_to_target":""},"categories":[10,24],"tags":[],"acf":[],"_links":{"self":[{"href":"http:\/\/iksi.uw.edu.pl\/de\/wp-json\/wp\/v2\/posts\/3214"}],"collection":[{"href":"http:\/\/iksi.uw.edu.pl\/de\/wp-json\/wp\/v2\/posts"}],"about":[{"href":"http:\/\/iksi.uw.edu.pl\/de\/wp-json\/wp\/v2\/types\/post"}],"author":[{"embeddable":true,"href":"http:\/\/iksi.uw.edu.pl\/de\/wp-json\/wp\/v2\/users\/975"}],"replies":[{"embeddable":true,"href":"http:\/\/iksi.uw.edu.pl\/de\/wp-json\/wp\/v2\/comments?post=3214"}],"version-history":[{"count":3,"href":"http:\/\/iksi.uw.edu.pl\/de\/wp-json\/wp\/v2\/posts\/3214\/revisions"}],"predecessor-version":[{"id":3218,"href":"http:\/\/iksi.uw.edu.pl\/de\/wp-json\/wp\/v2\/posts\/3214\/revisions\/3218"}],"wp:attachment":[{"href":"http:\/\/iksi.uw.edu.pl\/de\/wp-json\/wp\/v2\/media?parent=3214"}],"wp:term":[{"taxonomy":"category","embeddable":true,"href":"http:\/\/iksi.uw.edu.pl\/de\/wp-json\/wp\/v2\/categories?post=3214"},{"taxonomy":"post_tag","embeddable":true,"href":"http:\/\/iksi.uw.edu.pl\/de\/wp-json\/wp\/v2\/tags?post=3214"}],"curies":[{"name":"wp","href":"https:\/\/api.w.org\/{rel}","templated":true}]}}