{"id":3900,"date":"2021-01-14T14:12:58","date_gmt":"2021-01-14T13:12:58","guid":{"rendered":"http:\/\/iksi.uw.edu.pl\/?p=3900"},"modified":"2021-01-14T14:12:58","modified_gmt":"2021-01-14T13:12:58","slug":"festiwal-imagining-the-future","status":"publish","type":"post","link":"http:\/\/iksi.uw.edu.pl\/de\/2021\/01\/14\/festiwal-imagining-the-future\/","title":{"rendered":"Festiwal \u201eImagining the future\u201d"},"content":{"rendered":"<p><strong>Festiwal \u201eImagining the future\u201d<\/strong><\/p>\n<p>Do 29 stycznia studenci, doktoranci i pracownicy uczelni Sojuszu 4EU+ mog\u0105 zg\u0142asza\u0107 propozycje projekt\u00f3w na Festiwal Nauki i Kultury, kt\u00f3ry odb\u0119dzie si\u0119 w czerwcu na Uniwersytecie Sorbo\u0144skim.<\/p>\n<p>Tematem przewodnim\u00a0festiwalu jest \u201eWyobra\u017cenie przysz\u0142o\u015bci\u201d (Imagining the future), w ramach kt\u00f3rego wyodr\u0119bniono cztery w\u0105tki tematyczne dotycz\u0105ce aktualnych wyzwa\u0144:<\/p>\n<ul>\n<li>Natura: jaka jest przysz\u0142o\u015b\u0107 ludzko\u015bci? Budowa nowych zwi\u0105zk\u00f3w mi\u0119dzy lud\u017ami a \u015brodowiskiem (\u201cNature: what are the futures for Humanity? To build new relations and a new \u201ccontract\u201d between the human being and his environment\u201d)<\/li>\n<li>Cz\u0142owiek jutra: rozw\u00f3j, pomoc, modyfikacja czy nacisk? Od rozwoju do naprawy. (\u201cThe human being of tomorrow: extended, assisted, modified, pushed? From development to repair\u201d)<\/li>\n<li>Sztuka, kultura i dziedzictwo: Jakie role pojawi\u0105 si\u0119 po zmianie spo\u0142ecze\u0144stw? Tworzenie \u015bwiata jutra. (\u201cArt, culture and heritage: Which roles in the societal transition? To create in the world of tomorrow\u201d)<\/li>\n<li>Indywidualne wolno\u015bci a prawa cywilne. Tworzenie spo\u0142ecze\u0144stwa jutra. (\u201cIndividual liberties and civic rights: which perspectives? To invent the society of tomorrow\u201d)<\/li>\n<\/ul>\n<p>Festiwal skierowany jest zar\u00f3wno do spo\u0142eczno\u015bci akademickiej Uniwersytetu Sorbo\u0144skiego, jak i uniwersytet\u00f3w partnerskich Sojuszu 4EU+.<\/p>\n<p>Organizatorzy zach\u0119caj\u0105 do zg\u0142aszania wsp\u00f3lnych, mi\u0119dzyuczelnianych projekt\u00f3w, przewiduj\u0105cych aktywne zaanga\u017cowanie s\u0142uchaczy (w wieku od 15 do 18 lat). Propozycje mog\u0105 przybra\u0107 r\u00f3\u017cne formy \u2013 spotka\u0144, warsztat\u00f3w, pokaz\u00f3w multimedialnych, wydarze\u0144 artystycznych, konkurs\u00f3w czy gier.<\/p>\n<p>Wi\u0119cej informacji znajduje si\u0119 <a href=\"https:\/\/4euplus.eu\/4EU-26-version1-english_les_festives_de_sorbonne_universite_2021_aap_up.pdf\">na stronie 4EU+ &gt;&gt;<\/a><\/p>\n","protected":false},"excerpt":{"rendered":"<p>Festiwal \u201eImagining the future\u201d Do 29 stycznia studenci, doktoranci i pracownicy uczelni Sojuszu 4EU+ mog\u0105 zg\u0142asza\u0107 propozycje projekt\u00f3w na Festiwal Nauki i Kultury, kt\u00f3ry odb\u0119dzie [&hellip;]<\/p>\n","protected":false},"author":792,"featured_media":0,"comment_status":"closed","ping_status":"closed","sticky":false,"template":"","format":"standard","meta":{"footnotes":"","_links_to":"","_links_to_target":""},"categories":[10],"tags":[],"class_list":["post-3900","post","type-post","status-publish","format-standard","hentry","category-aktualnosci"],"acf":[],"_links":{"self":[{"href":"http:\/\/iksi.uw.edu.pl\/de\/wp-json\/wp\/v2\/posts\/3900","targetHints":{"allow":["GET"]}}],"collection":[{"href":"http:\/\/iksi.uw.edu.pl\/de\/wp-json\/wp\/v2\/posts"}],"about":[{"href":"http:\/\/iksi.uw.edu.pl\/de\/wp-json\/wp\/v2\/types\/post"}],"author":[{"embeddable":true,"href":"http:\/\/iksi.uw.edu.pl\/de\/wp-json\/wp\/v2\/users\/792"}],"replies":[{"embeddable":true,"href":"http:\/\/iksi.uw.edu.pl\/de\/wp-json\/wp\/v2\/comments?post=3900"}],"version-history":[{"count":1,"href":"http:\/\/iksi.uw.edu.pl\/de\/wp-json\/wp\/v2\/posts\/3900\/revisions"}],"predecessor-version":[{"id":3902,"href":"http:\/\/iksi.uw.edu.pl\/de\/wp-json\/wp\/v2\/posts\/3900\/revisions\/3902"}],"wp:attachment":[{"href":"http:\/\/iksi.uw.edu.pl\/de\/wp-json\/wp\/v2\/media?parent=3900"}],"wp:term":[{"taxonomy":"category","embeddable":true,"href":"http:\/\/iksi.uw.edu.pl\/de\/wp-json\/wp\/v2\/categories?post=3900"},{"taxonomy":"post_tag","embeddable":true,"href":"http:\/\/iksi.uw.edu.pl\/de\/wp-json\/wp\/v2\/tags?post=3900"}],"curies":[{"name":"wp","href":"https:\/\/api.w.org\/{rel}","templated":true}]}}