{"id":4865,"date":"2021-10-28T08:33:06","date_gmt":"2021-10-28T06:33:06","guid":{"rendered":"http:\/\/iksi.uw.edu.pl\/?p=4865"},"modified":"2021-10-28T08:33:06","modified_gmt":"2021-10-28T06:33:06","slug":"odwolanie-zajec-dla-i-roku-lic-i-mgr","status":"publish","type":"post","link":"http:\/\/iksi.uw.edu.pl\/de\/2021\/10\/28\/odwolanie-zajec-dla-i-roku-lic-i-mgr\/","title":{"rendered":"Odwo\u0142anie zaj\u0119\u0107 dla I roku lic. i mgr."},"content":{"rendered":"<div>W zwi\u0105zku z przypadkiem wykrycia wirusa SARS-CoV-2 w\u015br\u00f3d student\u00f3w I roku studi\u00f3w 1 stopnia\u00a0<b>zaj\u0119cia dydaktyczne w dniach 28 i 29 pa\u017adziernika br. zostaj\u0105 odwo\u0142ane. Odwo\u0142anie dotyczy I roku studi\u00f3w licencjackich i magisterskich.\u00a0<\/b>W dn. 2.11.2021 zostanie opublikowany komunikat dot. dalszego trybu zaj\u0119\u0107 dydaktycznych.<\/div>\n","protected":false},"excerpt":{"rendered":"<p>W zwi\u0105zku z przypadkiem wykrycia wirusa SARS-CoV-2 w\u015br\u00f3d student\u00f3w I roku studi\u00f3w 1 stopnia\u00a0zaj\u0119cia dydaktyczne w dniach 28 i 29 pa\u017adziernika br. zostaj\u0105 odwo\u0142ane. Odwo\u0142anie [&hellip;]<\/p>\n","protected":false},"author":792,"featured_media":0,"comment_status":"closed","ping_status":"closed","sticky":false,"template":"","format":"standard","meta":{"footnotes":"","_links_to":"","_links_to_target":""},"categories":[10,13],"tags":[],"class_list":["post-4865","post","type-post","status-publish","format-standard","hentry","category-aktualnosci","category-odwolanie-zajec-konsultacji"],"acf":[],"_links":{"self":[{"href":"http:\/\/iksi.uw.edu.pl\/de\/wp-json\/wp\/v2\/posts\/4865","targetHints":{"allow":["GET"]}}],"collection":[{"href":"http:\/\/iksi.uw.edu.pl\/de\/wp-json\/wp\/v2\/posts"}],"about":[{"href":"http:\/\/iksi.uw.edu.pl\/de\/wp-json\/wp\/v2\/types\/post"}],"author":[{"embeddable":true,"href":"http:\/\/iksi.uw.edu.pl\/de\/wp-json\/wp\/v2\/users\/792"}],"replies":[{"embeddable":true,"href":"http:\/\/iksi.uw.edu.pl\/de\/wp-json\/wp\/v2\/comments?post=4865"}],"version-history":[{"count":1,"href":"http:\/\/iksi.uw.edu.pl\/de\/wp-json\/wp\/v2\/posts\/4865\/revisions"}],"predecessor-version":[{"id":4866,"href":"http:\/\/iksi.uw.edu.pl\/de\/wp-json\/wp\/v2\/posts\/4865\/revisions\/4866"}],"wp:attachment":[{"href":"http:\/\/iksi.uw.edu.pl\/de\/wp-json\/wp\/v2\/media?parent=4865"}],"wp:term":[{"taxonomy":"category","embeddable":true,"href":"http:\/\/iksi.uw.edu.pl\/de\/wp-json\/wp\/v2\/categories?post=4865"},{"taxonomy":"post_tag","embeddable":true,"href":"http:\/\/iksi.uw.edu.pl\/de\/wp-json\/wp\/v2\/tags?post=4865"}],"curies":[{"name":"wp","href":"https:\/\/api.w.org\/{rel}","templated":true}]}}