{"id":5252,"date":"2022-02-17T14:26:18","date_gmt":"2022-02-17T13:26:18","guid":{"rendered":"http:\/\/iksi.uw.edu.pl\/?p=5252"},"modified":"2022-02-17T14:26:18","modified_gmt":"2022-02-17T13:26:18","slug":"odwolanie-zajec-dr-w-jozwikowska","status":"publish","type":"post","link":"http:\/\/iksi.uw.edu.pl\/de\/2022\/02\/17\/odwolanie-zajec-dr-w-jozwikowska\/","title":{"rendered":"Odwo\u0142anie zaj\u0119\u0107 &#8211; dr W. J\u00f3zwikowska"},"content":{"rendered":"<p>W dniach 21.02. &#8211; 25.02.2022 odwo\u0142ane zaj\u0119cia z dr W. J\u00f3zwikowsk\u0105 (urlop naukowy).<\/p>\n","protected":false},"excerpt":{"rendered":"<p>W dniach 21.02. &#8211; 25.02.2022 odwo\u0142ane zaj\u0119cia z dr W. J\u00f3zwikowsk\u0105 (urlop naukowy).<\/p>\n","protected":false},"author":1123,"featured_media":0,"comment_status":"closed","ping_status":"closed","sticky":false,"template":"","format":"standard","meta":{"_links_to":"","_links_to_target":""},"categories":[13],"tags":[],"acf":[],"_links":{"self":[{"href":"http:\/\/iksi.uw.edu.pl\/de\/wp-json\/wp\/v2\/posts\/5252"}],"collection":[{"href":"http:\/\/iksi.uw.edu.pl\/de\/wp-json\/wp\/v2\/posts"}],"about":[{"href":"http:\/\/iksi.uw.edu.pl\/de\/wp-json\/wp\/v2\/types\/post"}],"author":[{"embeddable":true,"href":"http:\/\/iksi.uw.edu.pl\/de\/wp-json\/wp\/v2\/users\/1123"}],"replies":[{"embeddable":true,"href":"http:\/\/iksi.uw.edu.pl\/de\/wp-json\/wp\/v2\/comments?post=5252"}],"version-history":[{"count":1,"href":"http:\/\/iksi.uw.edu.pl\/de\/wp-json\/wp\/v2\/posts\/5252\/revisions"}],"predecessor-version":[{"id":5253,"href":"http:\/\/iksi.uw.edu.pl\/de\/wp-json\/wp\/v2\/posts\/5252\/revisions\/5253"}],"wp:attachment":[{"href":"http:\/\/iksi.uw.edu.pl\/de\/wp-json\/wp\/v2\/media?parent=5252"}],"wp:term":[{"taxonomy":"category","embeddable":true,"href":"http:\/\/iksi.uw.edu.pl\/de\/wp-json\/wp\/v2\/categories?post=5252"},{"taxonomy":"post_tag","embeddable":true,"href":"http:\/\/iksi.uw.edu.pl\/de\/wp-json\/wp\/v2\/tags?post=5252"}],"curies":[{"name":"wp","href":"https:\/\/api.w.org\/{rel}","templated":true}]}}