{"id":6560,"date":"2022-11-08T10:26:09","date_gmt":"2022-11-08T09:26:09","guid":{"rendered":"http:\/\/iksi.uw.edu.pl\/?p=6560"},"modified":"2022-11-08T10:26:09","modified_gmt":"2022-11-08T09:26:09","slug":"iii-dyktando-uw","status":"publish","type":"post","link":"http:\/\/iksi.uw.edu.pl\/de\/2022\/11\/08\/iii-dyktando-uw\/","title":{"rendered":"III Dyktando UW"},"content":{"rendered":"<p style=\"font-weight: 400\">Szanowni Pa\u0144stwo,<\/p>\n<p style=\"font-weight: 400\">Obserwatorium J\u0119zykowe UW, Poradnia J\u0119zykowa UW,\u00a0Centrum Wsp\u00f3\u0142pracy i Dialogu UW oraz Klub Absolwent\u00f3w UW serdecznie zapraszaj\u0105 student\u00f3w, doktorant\u00f3w oraz pracownik\u00f3w Pa\u0144stwa jednostki do wzi\u0119cia udzia\u0142u w\u00a0<strong>III Dyktandzie Uniwersytetu Warszawskiego<\/strong>, kt\u00f3re odb\u0119dzie si\u0119 online<strong>\u00a024 listopada 2022 r. o godz. 18.00.<\/strong><\/p>\n<p style=\"font-weight: 400\">Ka\u017cdy uczestnik Dyktanda otrzyma dyplom, a zwyci\u0119zcy\u00a0\u2013\u00a0tytu\u0142 Uniwersyteckiego Mistrza Ortografii 2022 i Uniwersyteckiego Wicemistrza Ortografii 2022.<\/p>\n<p style=\"font-weight: 400\">Osoby zainteresowane udzia\u0142em w Dyktandzie prosimy o zapoznanie si\u0119 z regulaminem i wype\u0142nienie formularza zg\u0142oszeniowego. Znajduj\u0105 si\u0119 one na stronie\u00a0<a href=\"https:\/\/obserwatoriumjezykowe.uw.edu.pl\/iii-dyktando-uw\/\" data-saferedirecturl=\"https:\/\/www.google.com\/url?q=https:\/\/obserwatoriumjezykowe.uw.edu.pl\/iii-dyktando-uw\/&amp;source=gmail&amp;ust=1667983643772000&amp;usg=AOvVaw3KLz9xiPNJBYI2jwFmZ-yx\">https:\/\/obserwatoriumjezykowe.uw.edu.pl\/iii-dyktando-uw\/<\/a>.<\/p>\n<p style=\"font-weight: 400\">W razie pyta\u0144 pozostajemy do Pa\u0144stwa dyspozycji.<\/p>\n<p style=\"font-weight: 400\">\n<p style=\"font-weight: 400\">Z wyrazami szacunku \u2013 cz\u0142onkowie kapitu\u0142y Dyktanda<\/p>\n<p style=\"font-weight: 400\"><em>dr hab. Katarzyna K\u0142osi\u0144ska, prof. ucz.<\/em><\/p>\n<p style=\"font-weight: 400\"><em>dr Agata H\u0105cia<\/em><\/p>\n<p style=\"font-weight: 400\"><em>dr Barbara P\u0119dzich<\/em><\/p>\n<p style=\"font-weight: 400\"><em>dr Jaros\u0142aw \u0141achnik\u00a0<\/em><\/p>\n<p><img loading=\"lazy\" decoding=\"async\" class=\"alignnone size-medium wp-image-6561\" src=\"http:\/\/iksi.uw.edu.pl\/wp-content\/uploads\/sites\/301\/2022\/11\/zaproszenie_kwadrat-300x300.png\" alt=\"\" width=\"300\" height=\"300\" srcset=\"http:\/\/iksi.strony.uw.edu.pl\/wp-content\/uploads\/sites\/301\/2022\/11\/zaproszenie_kwadrat-300x300.png 300w, http:\/\/iksi.strony.uw.edu.pl\/wp-content\/uploads\/sites\/301\/2022\/11\/zaproszenie_kwadrat-1024x1024.png 1024w, http:\/\/iksi.strony.uw.edu.pl\/wp-content\/uploads\/sites\/301\/2022\/11\/zaproszenie_kwadrat-150x150.png 150w, http:\/\/iksi.strony.uw.edu.pl\/wp-content\/uploads\/sites\/301\/2022\/11\/zaproszenie_kwadrat-768x768.png 768w, http:\/\/iksi.strony.uw.edu.pl\/wp-content\/uploads\/sites\/301\/2022\/11\/zaproszenie_kwadrat-1536x1536.png 1536w, http:\/\/iksi.strony.uw.edu.pl\/wp-content\/uploads\/sites\/301\/2022\/11\/zaproszenie_kwadrat-2048x2048.png 2048w\" sizes=\"auto, (max-width: 300px) 100vw, 300px\" \/><img loading=\"lazy\" decoding=\"async\" class=\"alignnone size-medium wp-image-6562\" src=\"http:\/\/iksi.uw.edu.pl\/wp-content\/uploads\/sites\/301\/2022\/11\/plansza-0-300x300.jpg\" alt=\"\" width=\"300\" height=\"300\" srcset=\"http:\/\/iksi.strony.uw.edu.pl\/wp-content\/uploads\/sites\/301\/2022\/11\/plansza-0-300x300.jpg 300w, http:\/\/iksi.strony.uw.edu.pl\/wp-content\/uploads\/sites\/301\/2022\/11\/plansza-0-1024x1024.jpg 1024w, http:\/\/iksi.strony.uw.edu.pl\/wp-content\/uploads\/sites\/301\/2022\/11\/plansza-0-150x150.jpg 150w, http:\/\/iksi.strony.uw.edu.pl\/wp-content\/uploads\/sites\/301\/2022\/11\/plansza-0-768x768.jpg 768w, http:\/\/iksi.strony.uw.edu.pl\/wp-content\/uploads\/sites\/301\/2022\/11\/plansza-0-1536x1536.jpg 1536w, http:\/\/iksi.strony.uw.edu.pl\/wp-content\/uploads\/sites\/301\/2022\/11\/plansza-0-2048x2048.jpg 2048w\" sizes=\"auto, (max-width: 300px) 100vw, 300px\" \/><\/p>\n","protected":false},"excerpt":{"rendered":"<p>Szanowni Pa\u0144stwo, Obserwatorium J\u0119zykowe UW, Poradnia J\u0119zykowa UW,\u00a0Centrum Wsp\u00f3\u0142pracy i Dialogu UW oraz Klub Absolwent\u00f3w UW serdecznie zapraszaj\u0105 student\u00f3w, doktorant\u00f3w oraz pracownik\u00f3w Pa\u0144stwa jednostki do [&hellip;]<\/p>\n","protected":false},"author":1125,"featured_media":0,"comment_status":"closed","ping_status":"closed","sticky":false,"template":"","format":"standard","meta":{"footnotes":"","_links_to":"","_links_to_target":""},"categories":[10],"tags":[],"class_list":["post-6560","post","type-post","status-publish","format-standard","hentry","category-aktualnosci"],"acf":[],"_links":{"self":[{"href":"http:\/\/iksi.uw.edu.pl\/de\/wp-json\/wp\/v2\/posts\/6560","targetHints":{"allow":["GET"]}}],"collection":[{"href":"http:\/\/iksi.uw.edu.pl\/de\/wp-json\/wp\/v2\/posts"}],"about":[{"href":"http:\/\/iksi.uw.edu.pl\/de\/wp-json\/wp\/v2\/types\/post"}],"author":[{"embeddable":true,"href":"http:\/\/iksi.uw.edu.pl\/de\/wp-json\/wp\/v2\/users\/1125"}],"replies":[{"embeddable":true,"href":"http:\/\/iksi.uw.edu.pl\/de\/wp-json\/wp\/v2\/comments?post=6560"}],"version-history":[{"count":1,"href":"http:\/\/iksi.uw.edu.pl\/de\/wp-json\/wp\/v2\/posts\/6560\/revisions"}],"predecessor-version":[{"id":6563,"href":"http:\/\/iksi.uw.edu.pl\/de\/wp-json\/wp\/v2\/posts\/6560\/revisions\/6563"}],"wp:attachment":[{"href":"http:\/\/iksi.uw.edu.pl\/de\/wp-json\/wp\/v2\/media?parent=6560"}],"wp:term":[{"taxonomy":"category","embeddable":true,"href":"http:\/\/iksi.uw.edu.pl\/de\/wp-json\/wp\/v2\/categories?post=6560"},{"taxonomy":"post_tag","embeddable":true,"href":"http:\/\/iksi.uw.edu.pl\/de\/wp-json\/wp\/v2\/tags?post=6560"}],"curies":[{"name":"wp","href":"https:\/\/api.w.org\/{rel}","templated":true}]}}