{"id":6573,"date":"2022-11-10T10:17:23","date_gmt":"2022-11-10T09:17:23","guid":{"rendered":"http:\/\/iksi.uw.edu.pl\/?p=6573"},"modified":"2022-11-10T10:17:23","modified_gmt":"2022-11-10T09:17:23","slug":"konkurs-idub-na-dofinansowanie-mobilnosci-studentow","status":"publish","type":"post","link":"http:\/\/iksi.uw.edu.pl\/de\/2022\/11\/10\/konkurs-idub-na-dofinansowanie-mobilnosci-studentow\/","title":{"rendered":"Konkurs IDUB na dofinansowanie mobilno\u015bci student\u00f3w"},"content":{"rendered":"<p>Szanowni Pa\u0144stwo,<\/p>\n<div dir=\"auto\"><\/div>\n<div dir=\"auto\">W imieniu Rektora S\u0142awomira \u017b\u00f3\u0142tka w za\u0142\u0105czeniu przesy\u0142am pismo Rektora dotycz\u0105ce I konkursu w ramach Programu IDUB na <strong>dofinansowanie mobilno\u015bci studentek i student\u00f3w<\/strong> Uniwersytetu Warszawskiego &#8211; z uprzejm\u0105 pro\u015bb\u0105 o zapoznanie si\u0119 z tre\u015bci\u0105 dokumentu. <a href=\"http:\/\/iksi.uw.edu.pl\/wp-content\/uploads\/sites\/301\/2022\/11\/PRSZ_975_2022.pdf\">PRSZ_975_2022<\/a><\/div>\n<div>Szczeg\u00f3\u0142owe informacje o konkursie wraz z zasadami znajduj\u0105 si\u0119 na stronie:\u00a0<a href=\"https:\/\/inicjatywadoskonalosci.uw.edu.pl\/dzialania\/iv-2-3\/mobilnosc-1\/\" target=\"_blank\" rel=\"noopener\" data-saferedirecturl=\"https:\/\/www.google.com\/url?q=https:\/\/inicjatywadoskonalosci.uw.edu.pl\/dzialania\/iv-2-3\/mobilnosc-1\/&amp;source=gmail&amp;ust=1668156251681000&amp;usg=AOvVaw3rUymJCDjiyXYvO7wIP9NI\">https:\/\/inicjatywadoskonalosci.uw.edu.pl\/dzialania\/iv-2-3\/mobilnosc-1\/<\/a><\/div>\n<div dir=\"auto\"><\/div>\n<div dir=\"auto\">Pozdrawiam serdecznie<\/div>\n<div dir=\"auto\">Maksymilian Sas<\/div>\n<div dir=\"auto\"><\/div>\n<div>\n<div dir=\"ltr\" data-smartmail=\"gmail_signature\">\n<div dir=\"ltr\">\n<div dir=\"ltr\"><b>Centrum Wsparcia Dydaktyki<\/b><\/p>\n<div>Uniwersytet Warszawski<\/div>\n<div>ul. Krakowskie Przedmie\u015bcie 26\/28<\/div>\n<div>00-927 Warszawa<\/div>\n<div><a href=\"https:\/\/cwd.uw.edu.pl\/\" target=\"_blank\" rel=\"noopener\" data-saferedirecturl=\"https:\/\/www.google.com\/url?q=https:\/\/cwd.uw.edu.pl\/&amp;source=gmail&amp;ust=1668156251681000&amp;usg=AOvVaw2V3ceXVLkbzsP3mAF-fUGw\">www.cwd.uw.edu.pl<\/a><\/div>\n<\/div>\n<\/div>\n<\/div>\n<\/div>\n","protected":false},"excerpt":{"rendered":"<p>Szanowni Pa\u0144stwo, W imieniu Rektora S\u0142awomira \u017b\u00f3\u0142tka w za\u0142\u0105czeniu przesy\u0142am pismo Rektora dotycz\u0105ce I konkursu w ramach Programu IDUB na dofinansowanie mobilno\u015bci studentek i student\u00f3w [&hellip;]<\/p>\n","protected":false},"author":1376,"featured_media":0,"comment_status":"closed","ping_status":"closed","sticky":false,"template":"","format":"standard","meta":{"_links_to":"","_links_to_target":""},"categories":[10],"tags":[],"acf":[],"_links":{"self":[{"href":"http:\/\/iksi.uw.edu.pl\/de\/wp-json\/wp\/v2\/posts\/6573"}],"collection":[{"href":"http:\/\/iksi.uw.edu.pl\/de\/wp-json\/wp\/v2\/posts"}],"about":[{"href":"http:\/\/iksi.uw.edu.pl\/de\/wp-json\/wp\/v2\/types\/post"}],"author":[{"embeddable":true,"href":"http:\/\/iksi.uw.edu.pl\/de\/wp-json\/wp\/v2\/users\/1376"}],"replies":[{"embeddable":true,"href":"http:\/\/iksi.uw.edu.pl\/de\/wp-json\/wp\/v2\/comments?post=6573"}],"version-history":[{"count":1,"href":"http:\/\/iksi.uw.edu.pl\/de\/wp-json\/wp\/v2\/posts\/6573\/revisions"}],"predecessor-version":[{"id":6575,"href":"http:\/\/iksi.uw.edu.pl\/de\/wp-json\/wp\/v2\/posts\/6573\/revisions\/6575"}],"wp:attachment":[{"href":"http:\/\/iksi.uw.edu.pl\/de\/wp-json\/wp\/v2\/media?parent=6573"}],"wp:term":[{"taxonomy":"category","embeddable":true,"href":"http:\/\/iksi.uw.edu.pl\/de\/wp-json\/wp\/v2\/categories?post=6573"},{"taxonomy":"post_tag","embeddable":true,"href":"http:\/\/iksi.uw.edu.pl\/de\/wp-json\/wp\/v2\/tags?post=6573"}],"curies":[{"name":"wp","href":"https:\/\/api.w.org\/{rel}","templated":true}]}}