{"id":4523,"date":"2021-09-21T16:13:55","date_gmt":"2021-09-21T14:13:55","guid":{"rendered":"http:\/\/iksi.uw.edu.pl\/?p=4523"},"modified":"2021-09-30T15:11:29","modified_gmt":"2021-09-30T13:11:29","slug":"grant-na-projekt-badawczo-edukacyjny-4eu","status":"publish","type":"post","link":"http:\/\/iksi.uw.edu.pl\/en\/2021\/09\/21\/grant-na-projekt-badawczo-edukacyjny-4eu\/","title":{"rendered":"Projekt badawczo-edukacyjny 4EU+"},"content":{"rendered":"<p><a href=\"http:\/\/iksi.uw.edu.pl\/wp-content\/uploads\/sites\/301\/2021\/05\/grafiki-4eu-podluzny-na-www14.jpg\"><img loading=\"lazy\" decoding=\"async\" class=\"alignleft size-medium wp-image-4309\" src=\"http:\/\/iksi.uw.edu.pl\/wp-content\/uploads\/sites\/301\/2021\/05\/grafiki-4eu-podluzny-na-www14-300x125.jpg\" alt=\"\" width=\"300\" height=\"125\" srcset=\"http:\/\/iksi.strony.uw.edu.pl\/wp-content\/uploads\/sites\/301\/2021\/05\/grafiki-4eu-podluzny-na-www14-300x125.jpg 300w, http:\/\/iksi.strony.uw.edu.pl\/wp-content\/uploads\/sites\/301\/2021\/05\/grafiki-4eu-podluzny-na-www14-1024x427.jpg 1024w, http:\/\/iksi.strony.uw.edu.pl\/wp-content\/uploads\/sites\/301\/2021\/05\/grafiki-4eu-podluzny-na-www14-768x320.jpg 768w, http:\/\/iksi.strony.uw.edu.pl\/wp-content\/uploads\/sites\/301\/2021\/05\/grafiki-4eu-podluzny-na-www14.jpg 1200w\" sizes=\"auto, (max-width: 300px) 100vw, 300px\" \/><\/a>W drugiej edycji konkursu 4EU+ na projekty edukacyjne Komitet Zarz\u0105dzaj\u0105cy 4EU+ podj\u0105\u0142 decyzj\u0119 o finansowaniu projektu <strong>European Network of German and Contrastive Linguistics: A Research-Education Interface (methodology, teaching and in-field experience).<\/strong><\/p>\n<p class=\"s4\">\n<p class=\"s4\"><span class=\"s5\"><span class=\"bumpedFont15\">W <\/span><\/span><span class=\"s5\"><span class=\"bumpedFont15\">projek<\/span><\/span><span class=\"s5\"><span class=\"bumpedFont15\">cie <\/span><\/span><span class=\"s5\"><span class=\"bumpedFont15\">bierze udzia\u0142 27 student\u00f3w i doktorant\u00f3w z 5 uniwersytet\u00f3w\u00a0<\/span><\/span><span class=\"s5\"><span class=\"bumpedFont15\">oraz 8 naukowc\u00f3w plus zewn\u0119trzny partner <\/span><\/span><span class=\"s5\"><span class=\"bumpedFont15\">Leibniz-Institute for the German Language (IDS)<\/span><\/span> <span class=\"s5\"><span class=\"bumpedFont15\">w Mannheim<\/span><\/span><span class=\"s5\"><span class=\"bumpedFont15\">u<\/span><\/span><span class=\"s5\"><span class=\"bumpedFont15\">. <\/span><\/span><\/p>\n<p class=\"s4\"><span class=\"s5\"><span class=\"bumpedFont15\">Kierownikiem projektu z ramienia Uniwersytetu Warszawskiego jest prof. dr\u00a0<\/span><\/span><span class=\"s5\"><span class=\"bumpedFont15\">hab. Ewa \u017bebrowska.<\/span><\/span><\/p>\n<p class=\"s4\"><span class=\"s5\"><span class=\"bumpedFont15\">Projekt trwa od 8.06.2021 do 31 maja 2022<\/span><\/span><\/p>\n<p><span class=\"s2\"><span class=\"bumpedFont15\">Wi\u0119cej informacji: <\/span><\/span><a href=\"http:\/\/www.gercolinet.eu\/\"><span class=\"s6\"><span class=\"bumpedFont15\">http:\/\/www.gercolinet.eu\/<\/span><\/span><\/a><\/p>\n<p><span class=\"s5\"><span class=\"bumpedFont15\">Opis projektu: <\/span><\/span><a href=\"http:\/\/www.gercolinet.eu\/project-description\"><span class=\"s6\"><span class=\"bumpedFont15\">http:\/\/www.gercolinet.eu\/project-description<\/span><\/span><\/a><\/p>\n<p class=\"s8\"><span class=\"s7\"><span class=\"bumpedFont15\">Wi\u0119cej informacji na temat 4EU+: https:\/\/www.uw.edu.pl\/wspolpraca\/4euplusalliance\/<\/span><\/span><\/p>\n","protected":false},"excerpt":{"rendered":"<p>W drugiej edycji konkursu 4EU+ na projekty edukacyjne Komitet Zarz\u0105dzaj\u0105cy 4EU+ podj\u0105\u0142 decyzj\u0119 o finansowaniu projektu European Network of German and Contrastive Linguistics: A Research-Education [&hellip;]<\/p>\n","protected":false},"author":975,"featured_media":0,"comment_status":"closed","ping_status":"closed","sticky":false,"template":"","format":"standard","meta":{"footnotes":"","_links_to":"","_links_to_target":""},"categories":[10,14],"tags":[],"class_list":["post-4523","post","type-post","status-publish","format-standard","hentry","category-aktualnosci","category-wydarzenia"],"acf":[],"_links":{"self":[{"href":"http:\/\/iksi.uw.edu.pl\/en\/wp-json\/wp\/v2\/posts\/4523","targetHints":{"allow":["GET"]}}],"collection":[{"href":"http:\/\/iksi.uw.edu.pl\/en\/wp-json\/wp\/v2\/posts"}],"about":[{"href":"http:\/\/iksi.uw.edu.pl\/en\/wp-json\/wp\/v2\/types\/post"}],"author":[{"embeddable":true,"href":"http:\/\/iksi.uw.edu.pl\/en\/wp-json\/wp\/v2\/users\/975"}],"replies":[{"embeddable":true,"href":"http:\/\/iksi.uw.edu.pl\/en\/wp-json\/wp\/v2\/comments?post=4523"}],"version-history":[{"count":7,"href":"http:\/\/iksi.uw.edu.pl\/en\/wp-json\/wp\/v2\/posts\/4523\/revisions"}],"predecessor-version":[{"id":4590,"href":"http:\/\/iksi.uw.edu.pl\/en\/wp-json\/wp\/v2\/posts\/4523\/revisions\/4590"}],"wp:attachment":[{"href":"http:\/\/iksi.uw.edu.pl\/en\/wp-json\/wp\/v2\/media?parent=4523"}],"wp:term":[{"taxonomy":"category","embeddable":true,"href":"http:\/\/iksi.uw.edu.pl\/en\/wp-json\/wp\/v2\/categories?post=4523"},{"taxonomy":"post_tag","embeddable":true,"href":"http:\/\/iksi.uw.edu.pl\/en\/wp-json\/wp\/v2\/tags?post=4523"}],"curies":[{"name":"wp","href":"https:\/\/api.w.org\/{rel}","templated":true}]}}