{"id":3754,"date":"2020-12-11T12:15:06","date_gmt":"2020-12-11T11:15:06","guid":{"rendered":"http:\/\/iksi.uw.edu.pl\/?p=3754"},"modified":"2020-12-11T12:24:04","modified_gmt":"2020-12-11T11:24:04","slug":"3754","status":"publish","type":"post","link":"http:\/\/iksi.uw.edu.pl\/it\/2020\/12\/11\/3754\/","title":{"rendered":"Spotkanie z prof. Christian Efing (RWTH Aachen): Aktueller Sprachwandel grammatische Entwicklungstendenzen der deutschen Gegenwartssprache"},"content":{"rendered":"<p>Instytut Komunikacji Specjalistycznej i Interkulturowej ma zaszczyt zaprosi\u0107 wsp\u00f3lnot\u0119 studenck\u0105 i akademick\u0105 na spotkanie z <b>prof. Christian <\/b><b>Efing<\/b><b> (RWTH Aachen<\/b><b>): <\/b><b>Aktueller Sprachwandel<\/b><b><br \/>\ngrammatische Entwicklungstendenzen der deutschen Gegenwartssprache <\/b>(w j\u0119zyku niemieckiem).<br \/>\n<b><br \/>\n<\/b>Spotkanie odb\u0119dzie si\u0119 online we wtorek 15.12.2020, w godzinach 15.00 \u2013 16:30<\/p>\n<p><b><br \/>\n<\/b><b>Join Zoom Meeting<br \/>\n<\/b><b><br \/>\n<\/b>Join Zoom Meeting <u><a href=\"https:\/\/www.google.com\/url?q=https:\/\/zoom.us\/j\/97284020086?pwd%3DYjRBeGREVTBFa0EyRnIyS3p3dlRQUT09&amp;sa=D&amp;source=calendar&amp;ust=1607289853547000&amp;usg=AOvVaw19NVLRyL-_-RiIuJn2n4HV\">https:\/\/<\/a><\/u><u><a href=\"https:\/\/www.google.com\/url?q=https:\/\/zoom.us\/j\/97284020086?pwd%3DYjRBeGREVTBFa0EyRnIyS3p3dlRQUT09&amp;sa=D&amp;source=calendar&amp;ust=1607289853547000&amp;usg=AOvVaw19NVLRyL-_-RiIuJn2n4HV\">zoom.us<\/a><\/u><u><a href=\"https:\/\/www.google.com\/url?q=https:\/\/zoom.us\/j\/97284020086?pwd%3DYjRBeGREVTBFa0EyRnIyS3p3dlRQUT09&amp;sa=D&amp;source=calendar&amp;ust=1607289853547000&amp;usg=AOvVaw19NVLRyL-_-RiIuJn2n4HV\">\/j\/<\/a><\/u><u><a href=\"https:\/\/www.google.com\/url?q=https:\/\/zoom.us\/j\/97284020086?pwd%3DYjRBeGREVTBFa0EyRnIyS3p3dlRQUT09&amp;sa=D&amp;source=calendar&amp;ust=1607289853547000&amp;usg=AOvVaw19NVLRyL-_-RiIuJn2n4HV\">97284020086?pwd<\/a><\/u><u><a href=\"https:\/\/www.google.com\/url?q=https:\/\/zoom.us\/j\/97284020086?pwd%3DYjRBeGREVTBFa0EyRnIyS3p3dlRQUT09&amp;sa=D&amp;source=calendar&amp;ust=1607289853547000&amp;usg=AOvVaw19NVLRyL-_-RiIuJn2n4HV\">=<\/a><\/u><u><a href=\"https:\/\/www.google.com\/url?q=https:\/\/zoom.us\/j\/97284020086?pwd%3DYjRBeGREVTBFa0EyRnIyS3p3dlRQUT09&amp;sa=D&amp;source=calendar&amp;ust=1607289853547000&amp;usg=AOvVaw19NVLRyL-_-RiIuJn2n4HV\">YjRBeGREVTBFa0EyRnIyS3p3dlRQUT09<\/a><\/u><\/p>\n<p>Meeting ID: 972 8402 0086<\/p>\n<p>Passcode: ba9Gk5<b><br \/>\n<\/b><b>\u00a0<\/b><b><br \/>\n<\/b>Wi\u0119cej informacji: s.bonacchi@uw.edu.pl<\/p>\n<p><a href=\"http:\/\/iksi.uw.edu.pl\/wp-content\/uploads\/sites\/301\/2020\/12\/Efing-zaproszenie-indiwydualne-dla-wykladowcow-RW.png\"><img loading=\"lazy\" class=\"alignleft size-full wp-image-3755\" src=\"http:\/\/iksi.uw.edu.pl\/wp-content\/uploads\/sites\/301\/2020\/12\/Efing-zaproszenie-indiwydualne-dla-wykladowcow-RW.png\" alt=\"\" width=\"1080\" height=\"608\" srcset=\"http:\/\/iksi.uw.edu.pl\/wp-content\/uploads\/sites\/301\/2020\/12\/Efing-zaproszenie-indiwydualne-dla-wykladowcow-RW.png 1080w, http:\/\/iksi.uw.edu.pl\/wp-content\/uploads\/sites\/301\/2020\/12\/Efing-zaproszenie-indiwydualne-dla-wykladowcow-RW-300x169.png 300w, http:\/\/iksi.uw.edu.pl\/wp-content\/uploads\/sites\/301\/2020\/12\/Efing-zaproszenie-indiwydualne-dla-wykladowcow-RW-768x432.png 768w, http:\/\/iksi.uw.edu.pl\/wp-content\/uploads\/sites\/301\/2020\/12\/Efing-zaproszenie-indiwydualne-dla-wykladowcow-RW-1024x576.png 1024w\" sizes=\"(max-width: 1080px) 100vw, 1080px\" \/><\/a><\/p>\n","protected":false},"excerpt":{"rendered":"<p>Instytut Komunikacji Specjalistycznej i Interkulturowej ma zaszczyt zaprosi\u0107 wsp\u00f3lnot\u0119 studenck\u0105 i akademick\u0105 na spotkanie z prof. Christian Efing (RWTH Aachen): Aktueller Sprachwandel grammatische Entwicklungstendenzen der [&hellip;]<\/p>\n","protected":false},"author":975,"featured_media":0,"comment_status":"closed","ping_status":"closed","sticky":false,"template":"","format":"standard","meta":{"_links_to":"","_links_to_target":""},"categories":[10,14],"tags":[],"acf":[],"_links":{"self":[{"href":"http:\/\/iksi.uw.edu.pl\/it\/wp-json\/wp\/v2\/posts\/3754"}],"collection":[{"href":"http:\/\/iksi.uw.edu.pl\/it\/wp-json\/wp\/v2\/posts"}],"about":[{"href":"http:\/\/iksi.uw.edu.pl\/it\/wp-json\/wp\/v2\/types\/post"}],"author":[{"embeddable":true,"href":"http:\/\/iksi.uw.edu.pl\/it\/wp-json\/wp\/v2\/users\/975"}],"replies":[{"embeddable":true,"href":"http:\/\/iksi.uw.edu.pl\/it\/wp-json\/wp\/v2\/comments?post=3754"}],"version-history":[{"count":2,"href":"http:\/\/iksi.uw.edu.pl\/it\/wp-json\/wp\/v2\/posts\/3754\/revisions"}],"predecessor-version":[{"id":3757,"href":"http:\/\/iksi.uw.edu.pl\/it\/wp-json\/wp\/v2\/posts\/3754\/revisions\/3757"}],"wp:attachment":[{"href":"http:\/\/iksi.uw.edu.pl\/it\/wp-json\/wp\/v2\/media?parent=3754"}],"wp:term":[{"taxonomy":"category","embeddable":true,"href":"http:\/\/iksi.uw.edu.pl\/it\/wp-json\/wp\/v2\/categories?post=3754"},{"taxonomy":"post_tag","embeddable":true,"href":"http:\/\/iksi.uw.edu.pl\/it\/wp-json\/wp\/v2\/tags?post=3754"}],"curies":[{"name":"wp","href":"https:\/\/api.w.org\/{rel}","templated":true}]}}