{"id":6661,"date":"2022-11-30T12:47:00","date_gmt":"2022-11-30T11:47:00","guid":{"rendered":"http:\/\/iksi.uw.edu.pl\/?p=6661"},"modified":"2022-11-30T12:49:31","modified_gmt":"2022-11-30T11:49:31","slug":"pilotazowy-program-mlodzi-dydaktycy","status":"publish","type":"post","link":"http:\/\/iksi.uw.edu.pl\/it\/2022\/11\/30\/pilotazowy-program-mlodzi-dydaktycy\/","title":{"rendered":"Pilota\u017cowy Program \u201eM\u0142odzi Dydaktycy\u201d"},"content":{"rendered":"<p>W dniu 18.11.2022 r. dr Magda \u017belazowska-Sobczyk wzi\u0119\u0142a udzia\u0142 w uroczysto\u015bci graduacji pilota\u017cowej edycji programu \u201eM\u0142odzi Dydaktycy\u201d oraz uczestniczy\u0142a w panelu dyskusyjnym \u201eOkiem dydaktyka, okiem tutora \u2013 z do\u015bwiadcze\u0144 programu \u201eM\u0142odzi Dydaktycy\u201d.<\/p>\n<p>Pilota\u017cowa edycja programu, skierowana do pocz\u0105tkuj\u0105cych dydaktyk\u00f3w ze sta\u017cem w nauczaniu mniejszym ni\u017c \u00a05 lat, trwa\u0142a od pa\u017adziernika 2021 r. do lipca 2022 r., \u0142\u0105cznie obejmuj\u0105c 68 godz. dydaktyczne zaj\u0119\u0107 szkoleniowych i doradztwo indywidualne (mentoring).<\/p>\n<p>Program obejmowa\u0142 wiele interesuj\u0105cych zagadnie\u0144, m.in. mocne strony przydatne w dydaktyce, wprowadzenie do dydaktyki doros\u0142ych, budowanie relacji ze studentami, metody sprawdzania osi\u0105ganych efekt\u00f3w uczenia si\u0119 wraz z udzielaniem informacji zwrotnej, praca ze studentami ze specjalnymi potrzebami edukacyjnymi, komunikacja i techniki prezentacji i inne.<\/p>\n<p>Program pozwoli\u0142 na trenowanie kluczowych umiej\u0119tno\u015bci w pracy dydaktyka, by\u0142 r\u00f3wnie\u017c doskona\u0142\u0105 p\u0142aszczyzn\u0105 do wymiany do\u015bwiadcze\u0144 pomi\u0119dzy dydaktykami, zar\u00f3wno z mniejszym, jak i z wi\u0119kszym do\u015bwiadczeniem. Opr\u00f3cz warto\u015bci merytorycznej, udzia\u0142 w programie pozwoli\u0142 na poznanie ciekawych ludzi z pasj\u0105 i wzmocnienie poczucia przynale\u017cno\u015bci do grupy dydaktyk\u00f3w UW.<\/p>\n<p><a href=\"http:\/\/iksi.uw.edu.pl\/wp-content\/uploads\/sites\/301\/2022\/11\/dyplom.jpg\"><img loading=\"lazy\" decoding=\"async\" class=\"alignnone wp-image-6663 size-medium\" src=\"http:\/\/iksi.uw.edu.pl\/wp-content\/uploads\/sites\/301\/2022\/11\/dyplom-214x300.jpg\" alt=\"\" width=\"214\" height=\"300\" srcset=\"http:\/\/iksi.strony.uw.edu.pl\/wp-content\/uploads\/sites\/301\/2022\/11\/dyplom-214x300.jpg 214w, http:\/\/iksi.strony.uw.edu.pl\/wp-content\/uploads\/sites\/301\/2022\/11\/dyplom.jpg 496w\" sizes=\"auto, (max-width: 214px) 100vw, 214px\" \/><\/a><\/p>\n","protected":false},"excerpt":{"rendered":"<p>W dniu 18.11.2022 r. dr Magda \u017belazowska-Sobczyk wzi\u0119\u0142a udzia\u0142 w uroczysto\u015bci graduacji pilota\u017cowej edycji programu \u201eM\u0142odzi Dydaktycy\u201d oraz uczestniczy\u0142a w panelu dyskusyjnym \u201eOkiem dydaktyka, okiem [&hellip;]<\/p>\n","protected":false},"author":1123,"featured_media":0,"comment_status":"closed","ping_status":"closed","sticky":false,"template":"","format":"standard","meta":{"footnotes":"","_links_to":"","_links_to_target":""},"categories":[10],"tags":[],"class_list":["post-6661","post","type-post","status-publish","format-standard","hentry","category-aktualnosci"],"acf":[],"_links":{"self":[{"href":"http:\/\/iksi.uw.edu.pl\/it\/wp-json\/wp\/v2\/posts\/6661","targetHints":{"allow":["GET"]}}],"collection":[{"href":"http:\/\/iksi.uw.edu.pl\/it\/wp-json\/wp\/v2\/posts"}],"about":[{"href":"http:\/\/iksi.uw.edu.pl\/it\/wp-json\/wp\/v2\/types\/post"}],"author":[{"embeddable":true,"href":"http:\/\/iksi.uw.edu.pl\/it\/wp-json\/wp\/v2\/users\/1123"}],"replies":[{"embeddable":true,"href":"http:\/\/iksi.uw.edu.pl\/it\/wp-json\/wp\/v2\/comments?post=6661"}],"version-history":[{"count":3,"href":"http:\/\/iksi.uw.edu.pl\/it\/wp-json\/wp\/v2\/posts\/6661\/revisions"}],"predecessor-version":[{"id":6664,"href":"http:\/\/iksi.uw.edu.pl\/it\/wp-json\/wp\/v2\/posts\/6661\/revisions\/6664"}],"wp:attachment":[{"href":"http:\/\/iksi.uw.edu.pl\/it\/wp-json\/wp\/v2\/media?parent=6661"}],"wp:term":[{"taxonomy":"category","embeddable":true,"href":"http:\/\/iksi.uw.edu.pl\/it\/wp-json\/wp\/v2\/categories?post=6661"},{"taxonomy":"post_tag","embeddable":true,"href":"http:\/\/iksi.uw.edu.pl\/it\/wp-json\/wp\/v2\/tags?post=6661"}],"curies":[{"name":"wp","href":"https:\/\/api.w.org\/{rel}","templated":true}]}}