{"id":4968,"date":"2021-11-18T12:55:05","date_gmt":"2021-11-18T11:55:05","guid":{"rendered":"http:\/\/iksi.uw.edu.pl\/?p=4968"},"modified":"2021-11-18T12:55:05","modified_gmt":"2021-11-18T11:55:05","slug":"informacje-dotyczace-obowiazujacych-procedur-ws-covid-19","status":"publish","type":"post","link":"http:\/\/iksi.uw.edu.pl\/ru\/2021\/11\/18\/informacje-dotyczace-obowiazujacych-procedur-ws-covid-19\/","title":{"rendered":"Informacje dotycz\u0105ce obowi\u0105zuj\u0105cych procedur ws. covid-19"},"content":{"rendered":"<p style=\"font-weight: 400\">Szanowni Pa\u0144stwo,<\/p>\n<p style=\"font-weight: 400\">w zwi\u0105zku z przypadkami zg\u0142osze\u0144 o zaka\u017ceniach COVID-19 w r\u00f3\u017cnych Jednostkach naszego Wydzia\u0142u chcia\u0142abym poda\u0107 Pa\u0144stwu kilka poni\u017cszych informacji.<\/p>\n<p style=\"font-weight: 400\"><strong>Nieobecno\u015b\u0107 na zaj\u0119ciach<\/strong><\/p>\n<ol>\n<li style=\"font-weight: 400\">Wyk\u0142adowcy s\u0105 uprzejmie proszeni o\u00a0<u>sprawdzanie listy obecno\u015bci<\/u>\u00a0na zaj\u0119ciach. Jest to istotne, poniewa\u017c je\u015bli student zg\u0142osi informacj\u0119 o pozytywnym wyniku testu, w\u00f3wczas Dziekanat ma obowi\u0105zek poda\u0107 do Sanepidu list\u0119 os\u00f3b (student\u00f3w i wyk\u0142adowc\u00f3w), z kt\u00f3rymi osoba zaka\u017cona mia\u0142a kontakt w czasie ostatniego dnia pobytu na uczelni.<\/li>\n<\/ol>\n<p style=\"font-weight: 400\">Je\u015bli wyk\u0142adowca nie prowadzi listy obecno\u015bci, w\u00f3wczas podawana jest ca\u0142a lista student\u00f3w zapisanych na dane zaj\u0119cia.<\/p>\n<p style=\"font-weight: 400\">Sanepid nak\u0142ada na zg\u0142oszone osoby 10-dniow\u0105 kwarantann\u0119. Z kwarantanny zwolnione s\u0105 osoby w pe\u0142ni zaszczepione.<\/p>\n<ol start=\"2\">\n<li style=\"font-weight: 400\">Nieobecno\u015b\u0107 studenta na zaj\u0119ciach spowodowana przebywaniem na kwarantannie jest nieobecno\u015bci\u0105\u00a0<u>usprawiedliwion\u0105<\/u>.<\/li>\n<li style=\"font-weight: 400\">W przypadku, gdy wyk\u0142adowca przebywa na kwarantannie, mo\u017ce prowadzi\u0107 zaj\u0119cia po uzyskaniu zgody pracodawcy. Nale\u017cy w\u00f3wczas napisa\u0107 podanie adresowane do Pani Dziekan.<\/li>\n<\/ol>\n<p style=\"font-weight: 400\">\n<p style=\"font-weight: 400\"><strong>Procedura zg\u0142aszania przypadk\u00f3w zaka\u017ce\u0144 covid-19:<\/strong><\/p>\n<p style=\"font-weight: 400\">W przypadku, gdy student (lub wyk\u0142adowca) poinformuje Dziekanat\/ Sekretariat o swoim potwierdzonym zaka\u017ceniu COVID-19, w\u00f3wczas:<\/p>\n<ol>\n<li>Pracownik Dziekanatu ds. studenckich danej Jednostki WLS (Instytutu lub Katedry) kieruje do studenta pro\u015bb\u0119 o przes\u0142anie skanu dodatniego wyniku testu.<\/li>\n<li>Pracownik Dziekanatu wysy\u0142a na adres <u><a href=\"mailto:InfoCovid19@adm.uw.edu.pl\">InfoCovid19@adm.uw.edu.pl<\/a><\/u>\u00a0informacj\u0119 o przypadku zaka\u017cenia studenta podaj\u0105c: imi\u0119, nazwisko, nr albumu oraz dat\u0119 przyj\u0119cia zg\u0142oszenia i dat\u0119 ostatniego dnia, w kt\u00f3rym student przebywa\u0142 na uczelni.<\/li>\n<\/ol>\n<ol start=\"3\">\n<li style=\"font-weight: 400\">Pracownik Dziekanatu przygotowuje list\u0119 os\u00f3b (dokument w formacie excel), kt\u00f3re w dniu ostatniej wizyty studenta na uczelni mia\u0142y z nim kontakt (imi\u0119, nazwisko, nr PESEL, nr telefonu i adres korespondencyjny),<\/li>\n<li style=\"font-weight: 400\">Pracownik Dziekanatu przesy\u0142a list\u0119 student\u00f3w i wyk\u0142adowc\u00f3w na adres<a href=\"mailto:student.wls@uw.edu.pl\">student.wls@uw.edu.pl<\/a>i\u00a0<u><a href=\"mailto:wls@uw.edu.pl\">wls@uw.edu.pl<\/a><\/u>\u00a0oraz informacje dotycz\u0105ce osoby zaka\u017conej (imi\u0119, nazwisko, nr PESEL, nr telefonu, adres korespondencyjny, data pozytywnego wyniku, data ostatniej wizyty na uczelni).<\/li>\n<li style=\"font-weight: 400\">Dziekanat WLS przesy\u0142a ww. informacje do Sanepidu, kt\u00f3ry nak\u0142ada 10-dniow\u0105 kwarantann\u0119 na osoby, kt\u00f3re mia\u0142y kontakt z osob\u0105 zaka\u017con\u0105. Z kwarantanny zwolnione s\u0105 osoby w pe\u0142ni zaszczepione.<\/li>\n<\/ol>\n<p style=\"font-weight: 400\">W zale\u017cno\u015bci od potrzeb zg\u0142aszanych przez Kierownik\u00f3w Jednostek i Kierownik\u00f3w Studi\u00f3w podejmowane s\u0105 te\u017c decyzje dostosowane do danej sytuacji (np. prowadzenie przez wyk\u0142adowc\u0119 przez pewien czas zaj\u0119\u0107 w trybie zdalnym &#8212; wymagana jest zgoda Kierownika Jednostki Dydaktycznej, zgodnie z Zarz\u0105dzeniem Rektora UW).<\/p>\n<p>&nbsp;<\/p>\n<div>\n<p><span style=\"font-size: 10pt\"><em>Dr Katarzyna Malesa<\/em><\/span><\/p>\n<p><span style=\"font-size: 10pt\"><em>Prodziekan ds. studenckich<\/em><\/span><\/p>\n<p><span style=\"font-size: 10pt\"><em>Wydzia\u0142u Lingwistyki Stosowanej<\/em><\/span><\/p>\n<\/div>\n","protected":false},"excerpt":{"rendered":"<p>Szanowni Pa\u0144stwo, w zwi\u0105zku z przypadkami zg\u0142osze\u0144 o zaka\u017ceniach COVID-19 w r\u00f3\u017cnych Jednostkach naszego Wydzia\u0142u chcia\u0142abym poda\u0107 Pa\u0144stwu kilka poni\u017cszych informacji. Nieobecno\u015b\u0107 na zaj\u0119ciach Wyk\u0142adowcy [&hellip;]<\/p>\n","protected":false},"author":792,"featured_media":0,"comment_status":"closed","ping_status":"closed","sticky":false,"template":"","format":"standard","meta":{"footnotes":"","_links_to":"","_links_to_target":""},"categories":[10],"tags":[],"class_list":["post-4968","post","type-post","status-publish","format-standard","hentry","category-aktualnosci"],"acf":[],"_links":{"self":[{"href":"http:\/\/iksi.uw.edu.pl\/ru\/wp-json\/wp\/v2\/posts\/4968","targetHints":{"allow":["GET"]}}],"collection":[{"href":"http:\/\/iksi.uw.edu.pl\/ru\/wp-json\/wp\/v2\/posts"}],"about":[{"href":"http:\/\/iksi.uw.edu.pl\/ru\/wp-json\/wp\/v2\/types\/post"}],"author":[{"embeddable":true,"href":"http:\/\/iksi.uw.edu.pl\/ru\/wp-json\/wp\/v2\/users\/792"}],"replies":[{"embeddable":true,"href":"http:\/\/iksi.uw.edu.pl\/ru\/wp-json\/wp\/v2\/comments?post=4968"}],"version-history":[{"count":1,"href":"http:\/\/iksi.uw.edu.pl\/ru\/wp-json\/wp\/v2\/posts\/4968\/revisions"}],"predecessor-version":[{"id":4969,"href":"http:\/\/iksi.uw.edu.pl\/ru\/wp-json\/wp\/v2\/posts\/4968\/revisions\/4969"}],"wp:attachment":[{"href":"http:\/\/iksi.uw.edu.pl\/ru\/wp-json\/wp\/v2\/media?parent=4968"}],"wp:term":[{"taxonomy":"category","embeddable":true,"href":"http:\/\/iksi.uw.edu.pl\/ru\/wp-json\/wp\/v2\/categories?post=4968"},{"taxonomy":"post_tag","embeddable":true,"href":"http:\/\/iksi.uw.edu.pl\/ru\/wp-json\/wp\/v2\/tags?post=4968"}],"curies":[{"name":"wp","href":"https:\/\/api.w.org\/{rel}","templated":true}]}}